{"id":10,"date":"2006-05-17T17:43:00","date_gmt":"2006-05-17T17:43:00","guid":{"rendered":"http:\/\/www.olivierdoucet.info\/wordpress\/?p=10"},"modified":"2006-05-17T17:43:00","modified_gmt":"2006-05-17T17:43:00","slug":"16-les-conges-payes-au-canada","status":"publish","type":"post","link":"https:\/\/www.olivierdoucet.info\/blog\/2006\/05\/17\/16-les-conges-payes-au-canada\/","title":{"rendered":"Les cong\u00e9s pay\u00e9s au Qu\u00e9bec"},"content":{"rendered":"<p>Il est toujours interessant de comparer le mode de vie que l&rsquo;on a en France avec ceux des autres pays. Cela permet de voir si la vie est vraiment plus rose ailleurs \ud83d\ude09 Profitant de mon s\u00e9jour au Qu\u00e9bec, j&rsquo;ai fait quelques recherches sur leur syst\u00e8me de cong\u00e9s pay\u00e9s&#8230;<br \/>\n<!--more--><br \/>\nIci, les cong\u00e9s pay\u00e9s changent en fonction de l&rsquo;anciennet\u00e9 au sein de l&rsquo;entreprise, ce qui fait que le calcul est beaucoup plus d\u00e9licat qu&rsquo;en France. En effet, il y a beaucoup d&rsquo;exceptions \u00e0 la r\u00e8gle, et tout est n\u00e9gociable avec l&#8217;employeur. Commen\u00e7ons par une chose simple : les jours feri\u00e9s. Ces jours l\u00e0, vous pouvez rester chez vous et vous serez quand m\u00eame pay\u00e9s. Il y en a 8 au Qu\u00e9bec : * Le 1er janvier (jour de l\u2019an); * Le vendredi saint ou le lundi de P\u00e2ques (au choix de l\u2019employeur); * Le lundi avant le 25 mai; * Le 24 juin ou le 25 si le 24 est un dimanche (F\u00eate nationale du Qu\u00e9bec); * Le 1er juillet ou le 2 si le 1er est un dimanche; * Le 1er lundi de septembre (f\u00eate du travail); * Le 2i\u00e8me lundi d\u2019octobre (Action de gr\u00e2ces); * Le 25 d\u00e9cembre (No\u00ebl). Ensuite, les choses se compliquent. La 1e ann\u00e9e de travail au sein de l&rsquo;entreprise est appel\u00e9e \u00ab\u00a0ann\u00e9e de r\u00e9f\u00e9rence\u00a0\u00bb. Les dates sont d\u00e9termin\u00e9es par l&#8217;employeur, ou \u00e0 d\u00e9faut du 1er mai au 30 avril. La 1e ann\u00e9e, vous avez droit \u00e0 un jour de cong\u00e9 par mois dans l&rsquo;entreprise, avec un maximum de 2 semaines. Pass\u00e9e cette ann\u00e9e, vous avez droit \u00e0 2 semaines de cong\u00e9s pay\u00e9s par an. Et \u00e0 partir de 5 ans dans la m\u00eame entreprise, vous avez droit \u00e0 3 semaines de cong\u00e9s pay\u00e9s. Au del\u00e0 de 8 ans, vous pourrez passer 4 semaines loin du travail. Les employ\u00e9s ont le droit, apr\u00e8s un an, de prendre une 3e semaine de cong\u00e9s qui ne sera pas pay\u00e9e (mais l&#8217;employeur ne peut lui refuser). Il est possible que ce cong\u00e9 suppl\u00e9mentaire ne soit pas continu aux cong\u00e9s annuels pay\u00e9s auxquels le salari\u00e9 a d\u00e9j\u00e0 droit. Toutefois, ce cong\u00e9 suppl\u00e9mentaire sans salaire ne peut \u00eatre fractionn\u00e9. A savoir : le syst\u00e8me est diff\u00e9rent pour les employ\u00e9s de l\u2019industrie du v\u00eatement (plus avantageux). La n\u00e9gociation est courante dans les entreprises concernant les cong\u00e9s. Ici, cela se discute avant la signature du contrat et cela peut \u00eatre beaucoup plus interessant que ce que j&rsquo;ai expliqu\u00e9 ici qui n&rsquo;est qu&rsquo;un minimum. Ah et au fait, ici la semaine de travail est de 40h. Si vous avez des questions, n&rsquo;h\u00e9sitez pas !<\/p>\n","protected":false},"excerpt":{"rendered":"<p>Il est toujours interessant de comparer le mode de vie que l&rsquo;on a en France avec ceux des autres pays. Cela permet de voir si la vie est vraiment plus rose ailleurs \ud83d\ude09 Profitant de mon s\u00e9jour au Qu\u00e9bec, j&rsquo;ai fait quelques recherches sur leur syst\u00e8me de cong\u00e9s pay\u00e9s&#8230;<\/p>\n","protected":false},"author":2,"featured_media":0,"comment_status":"open","ping_status":"open","sticky":false,"template":"","format":"standard","meta":{"footnotes":""},"categories":[3],"tags":[12,13],"class_list":["post-10","post","type-post","status-publish","format-standard","hentry","category-general","tag-conges","tag-quebec"],"yoast_head":"<!-- This site is optimized with the Yoast SEO plugin v24.7 - https:\/\/yoast.com\/wordpress\/plugins\/seo\/ -->\n<title>Les cong\u00e9s pay\u00e9s au Qu\u00e9bec - My thoughts<\/title>\n<meta name=\"robots\" content=\"index, follow, max-snippet:-1, max-image-preview:large, max-video-preview:-1\" \/>\n<link rel=\"canonical\" href=\"https:\/\/www.olivierdoucet.info\/blog\/2006\/05\/17\/16-les-conges-payes-au-canada\/\" \/>\n<meta property=\"og:locale\" content=\"fr_FR\" \/>\n<meta property=\"og:type\" content=\"article\" \/>\n<meta property=\"og:title\" content=\"Les cong\u00e9s pay\u00e9s au Qu\u00e9bec - My thoughts\" \/>\n<meta property=\"og:description\" content=\"Il est toujours interessant de comparer le mode de vie que l&#039;on a en France avec ceux des autres pays. Cela permet de voir si la vie est vraiment plus rose ailleurs ;) Profitant de mon s\u00e9jour au Qu\u00e9bec, j&#039;ai fait quelques recherches sur leur syst\u00e8me de cong\u00e9s pay\u00e9s...\" \/>\n<meta property=\"og:url\" content=\"https:\/\/www.olivierdoucet.info\/blog\/2006\/05\/17\/16-les-conges-payes-au-canada\/\" \/>\n<meta property=\"og:site_name\" content=\"My thoughts\" \/>\n<meta property=\"article:published_time\" content=\"2006-05-17T17:43:00+00:00\" \/>\n<meta name=\"author\" content=\"Olivierd\" \/>\n<meta name=\"twitter:card\" content=\"summary_large_image\" \/>\n<meta name=\"twitter:creator\" content=\"@odoucet\" \/>\n<meta name=\"twitter:site\" content=\"@odoucet\" \/>\n<meta name=\"twitter:label1\" content=\"\u00c9crit par\" \/>\n\t<meta name=\"twitter:data1\" content=\"Olivierd\" \/>\n\t<meta name=\"twitter:label2\" content=\"Dur\u00e9e de lecture estim\u00e9e\" \/>\n\t<meta name=\"twitter:data2\" content=\"2 minutes\" \/>\n<script type=\"application\/ld+json\" class=\"yoast-schema-graph\">{\"@context\":\"https:\/\/schema.org\",\"@graph\":[{\"@type\":\"WebPage\",\"@id\":\"https:\/\/www.olivierdoucet.info\/blog\/2006\/05\/17\/16-les-conges-payes-au-canada\/\",\"url\":\"https:\/\/www.olivierdoucet.info\/blog\/2006\/05\/17\/16-les-conges-payes-au-canada\/\",\"name\":\"Les cong\u00e9s pay\u00e9s au Qu\u00e9bec - My thoughts\",\"isPartOf\":{\"@id\":\"https:\/\/www.olivierdoucet.info\/blog\/#website\"},\"datePublished\":\"2006-05-17T17:43:00+00:00\",\"author\":{\"@id\":\"https:\/\/www.olivierdoucet.info\/blog\/#\/schema\/person\/308d5cde55f1ba886ebe73450b54c403\"},\"breadcrumb\":{\"@id\":\"https:\/\/www.olivierdoucet.info\/blog\/2006\/05\/17\/16-les-conges-payes-au-canada\/#breadcrumb\"},\"inLanguage\":\"fr-FR\",\"potentialAction\":[{\"@type\":\"ReadAction\",\"target\":[\"https:\/\/www.olivierdoucet.info\/blog\/2006\/05\/17\/16-les-conges-payes-au-canada\/\"]}]},{\"@type\":\"BreadcrumbList\",\"@id\":\"https:\/\/www.olivierdoucet.info\/blog\/2006\/05\/17\/16-les-conges-payes-au-canada\/#breadcrumb\",\"itemListElement\":[{\"@type\":\"ListItem\",\"position\":1,\"name\":\"Home\",\"item\":\"https:\/\/www.olivierdoucet.info\/blog\/\"},{\"@type\":\"ListItem\",\"position\":2,\"name\":\"Les cong\u00e9s pay\u00e9s au Qu\u00e9bec\"}]},{\"@type\":\"WebSite\",\"@id\":\"https:\/\/www.olivierdoucet.info\/blog\/#website\",\"url\":\"https:\/\/www.olivierdoucet.info\/blog\/\",\"name\":\"My thoughts\",\"description\":\"En fran\u00e7ais and in english :)\",\"potentialAction\":[{\"@type\":\"SearchAction\",\"target\":{\"@type\":\"EntryPoint\",\"urlTemplate\":\"https:\/\/www.olivierdoucet.info\/blog\/?s={search_term_string}\"},\"query-input\":{\"@type\":\"PropertyValueSpecification\",\"valueRequired\":true,\"valueName\":\"search_term_string\"}}],\"inLanguage\":\"fr-FR\"},{\"@type\":\"Person\",\"@id\":\"https:\/\/www.olivierdoucet.info\/blog\/#\/schema\/person\/308d5cde55f1ba886ebe73450b54c403\",\"name\":\"Olivierd\",\"image\":{\"@type\":\"ImageObject\",\"inLanguage\":\"fr-FR\",\"@id\":\"https:\/\/www.olivierdoucet.info\/blog\/#\/schema\/person\/image\/\",\"url\":\"https:\/\/secure.gravatar.com\/avatar\/?s=96&d=mm&r=g\",\"contentUrl\":\"https:\/\/secure.gravatar.com\/avatar\/?s=96&d=mm&r=g\",\"caption\":\"Olivierd\"},\"sameAs\":[\"http:\/\/\"]}]}<\/script>\n<!-- \/ Yoast SEO plugin. -->","yoast_head_json":{"title":"Les cong\u00e9s pay\u00e9s au Qu\u00e9bec - My thoughts","robots":{"index":"index","follow":"follow","max-snippet":"max-snippet:-1","max-image-preview":"max-image-preview:large","max-video-preview":"max-video-preview:-1"},"canonical":"https:\/\/www.olivierdoucet.info\/blog\/2006\/05\/17\/16-les-conges-payes-au-canada\/","og_locale":"fr_FR","og_type":"article","og_title":"Les cong\u00e9s pay\u00e9s au Qu\u00e9bec - My thoughts","og_description":"Il est toujours interessant de comparer le mode de vie que l'on a en France avec ceux des autres pays. Cela permet de voir si la vie est vraiment plus rose ailleurs ;) Profitant de mon s\u00e9jour au Qu\u00e9bec, j'ai fait quelques recherches sur leur syst\u00e8me de cong\u00e9s pay\u00e9s...","og_url":"https:\/\/www.olivierdoucet.info\/blog\/2006\/05\/17\/16-les-conges-payes-au-canada\/","og_site_name":"My thoughts","article_published_time":"2006-05-17T17:43:00+00:00","author":"Olivierd","twitter_card":"summary_large_image","twitter_creator":"@odoucet","twitter_site":"@odoucet","twitter_misc":{"\u00c9crit par":"Olivierd","Dur\u00e9e de lecture estim\u00e9e":"2 minutes"},"schema":{"@context":"https:\/\/schema.org","@graph":[{"@type":"WebPage","@id":"https:\/\/www.olivierdoucet.info\/blog\/2006\/05\/17\/16-les-conges-payes-au-canada\/","url":"https:\/\/www.olivierdoucet.info\/blog\/2006\/05\/17\/16-les-conges-payes-au-canada\/","name":"Les cong\u00e9s pay\u00e9s au Qu\u00e9bec - My thoughts","isPartOf":{"@id":"https:\/\/www.olivierdoucet.info\/blog\/#website"},"datePublished":"2006-05-17T17:43:00+00:00","author":{"@id":"https:\/\/www.olivierdoucet.info\/blog\/#\/schema\/person\/308d5cde55f1ba886ebe73450b54c403"},"breadcrumb":{"@id":"https:\/\/www.olivierdoucet.info\/blog\/2006\/05\/17\/16-les-conges-payes-au-canada\/#breadcrumb"},"inLanguage":"fr-FR","potentialAction":[{"@type":"ReadAction","target":["https:\/\/www.olivierdoucet.info\/blog\/2006\/05\/17\/16-les-conges-payes-au-canada\/"]}]},{"@type":"BreadcrumbList","@id":"https:\/\/www.olivierdoucet.info\/blog\/2006\/05\/17\/16-les-conges-payes-au-canada\/#breadcrumb","itemListElement":[{"@type":"ListItem","position":1,"name":"Home","item":"https:\/\/www.olivierdoucet.info\/blog\/"},{"@type":"ListItem","position":2,"name":"Les cong\u00e9s pay\u00e9s au Qu\u00e9bec"}]},{"@type":"WebSite","@id":"https:\/\/www.olivierdoucet.info\/blog\/#website","url":"https:\/\/www.olivierdoucet.info\/blog\/","name":"My thoughts","description":"En fran\u00e7ais and in english :)","potentialAction":[{"@type":"SearchAction","target":{"@type":"EntryPoint","urlTemplate":"https:\/\/www.olivierdoucet.info\/blog\/?s={search_term_string}"},"query-input":{"@type":"PropertyValueSpecification","valueRequired":true,"valueName":"search_term_string"}}],"inLanguage":"fr-FR"},{"@type":"Person","@id":"https:\/\/www.olivierdoucet.info\/blog\/#\/schema\/person\/308d5cde55f1ba886ebe73450b54c403","name":"Olivierd","image":{"@type":"ImageObject","inLanguage":"fr-FR","@id":"https:\/\/www.olivierdoucet.info\/blog\/#\/schema\/person\/image\/","url":"https:\/\/secure.gravatar.com\/avatar\/?s=96&d=mm&r=g","contentUrl":"https:\/\/secure.gravatar.com\/avatar\/?s=96&d=mm&r=g","caption":"Olivierd"},"sameAs":["http:\/\/"]}]}},"_links":{"self":[{"href":"https:\/\/www.olivierdoucet.info\/blog\/wp-json\/wp\/v2\/posts\/10","targetHints":{"allow":["GET"]}}],"collection":[{"href":"https:\/\/www.olivierdoucet.info\/blog\/wp-json\/wp\/v2\/posts"}],"about":[{"href":"https:\/\/www.olivierdoucet.info\/blog\/wp-json\/wp\/v2\/types\/post"}],"author":[{"embeddable":true,"href":"https:\/\/www.olivierdoucet.info\/blog\/wp-json\/wp\/v2\/users\/2"}],"replies":[{"embeddable":true,"href":"https:\/\/www.olivierdoucet.info\/blog\/wp-json\/wp\/v2\/comments?post=10"}],"version-history":[{"count":0,"href":"https:\/\/www.olivierdoucet.info\/blog\/wp-json\/wp\/v2\/posts\/10\/revisions"}],"wp:attachment":[{"href":"https:\/\/www.olivierdoucet.info\/blog\/wp-json\/wp\/v2\/media?parent=10"}],"wp:term":[{"taxonomy":"category","embeddable":true,"href":"https:\/\/www.olivierdoucet.info\/blog\/wp-json\/wp\/v2\/categories?post=10"},{"taxonomy":"post_tag","embeddable":true,"href":"https:\/\/www.olivierdoucet.info\/blog\/wp-json\/wp\/v2\/tags?post=10"}],"curies":[{"name":"wp","href":"https:\/\/api.w.org\/{rel}","templated":true}]}}