{"id":191,"date":"2015-06-08T14:32:02","date_gmt":"2015-06-08T12:32:02","guid":{"rendered":"http:\/\/www.olivierdoucet.info\/blog\/?p=191"},"modified":"2015-06-08T21:51:16","modified_gmt":"2015-06-08T19:51:16","slug":"le-combat-des-macarons-herme-contre-seve-degustation-a-laveugle","status":"publish","type":"post","link":"https:\/\/www.olivierdoucet.info\/blog\/2015\/06\/08\/le-combat-des-macarons-herme-contre-seve-degustation-a-laveugle\/","title":{"rendered":"Le combat des macarons. Herm\u00e9 contre S\u00e8ve &#8211; D\u00e9gustation \u00e0 l&rsquo;aveugle"},"content":{"rendered":"<p style=\"text-align: justify;\">Le macaron est une des p\u00e2tisseries les plus raffin\u00e9es qui existe, et quelques artisans en ont fait leur sp\u00e9cialit\u00e9. Qui ne connait pas Ladur\u00e9e ou Herm\u00e9 sur Paris ? Pourtant, il ne faut pas se limiter \u00e0 Paris quand on parle des petits plaisirs du palais. N\u2019oublions pas que la vraie Capitale de la gastronomie reste \u2026 Lyon ! Et la guerre est sanglante entre ces deux m\u00e9tropoles. Pour cet article de blog, j\u2019ai donc d\u00e9cid\u00e9 d\u2019organiser une d\u00e9gustation \u00e0 l\u2019aveugle entre les macarons de chez Pierre Herm\u00e9 (Paris), et S\u00e8ve (Lyon). Petite parenth\u00e8se au passage : je n\u2019ai pas choisi Ladur\u00e9e car j\u2019ai d\u00e9j\u00e0 organis\u00e9 un \u00ab blind test \u00bb Herm\u00e9 \/ Ladur\u00e9e, remport\u00e9 haut la main par le premier. Reprenons donc notre champion et comparons-le \u00e0 l\u2019un des meilleurs p\u00e2tissiers de Lugdunum.<\/p>\n<p><!--more--><\/p>\n<p style=\"text-align: justify;\">La premi\u00e8re difficult\u00e9 de ce test a \u00e9t\u00e9 de choisir les parfums. Pour un combat \u00e9quitable, comparons ce qui est comparable et commen\u00e7ons donc par les parfums pr\u00e9sents chez les deux athl\u00e8tes : Caramel beurre sal\u00e9 et chocolat.<\/p>\n<h1>Le test du macaron caramel beurre sal\u00e9<\/h1>\n<p style=\"text-align: justify;\"><a href=\"https:\/\/www.olivierdoucet.info\/blog\/wp-content\/uploads\/2015\/06\/06062015-_MGL9622.jpg\"><img loading=\"lazy\" decoding=\"async\" class=\"alignright size-medium wp-image-180\" src=\"https:\/\/www.olivierdoucet.info\/blog\/wp-content\/uploads\/2015\/06\/06062015-_MGL9622-281x300.jpg\" alt=\"Macaron caf\u00e9\" width=\"281\" height=\"300\" srcset=\"https:\/\/www.olivierdoucet.info\/blog\/wp-content\/uploads\/2015\/06\/06062015-_MGL9622-281x300.jpg 281w, https:\/\/www.olivierdoucet.info\/blog\/wp-content\/uploads\/2015\/06\/06062015-_MGL9622-960x1024.jpg 960w, https:\/\/www.olivierdoucet.info\/blog\/wp-content\/uploads\/2015\/06\/06062015-_MGL9622.jpg 1919w\" sizes=\"auto, (max-width: 281px) 100vw, 281px\" \/><\/a>La pr\u00e9sentation s\u2019est faite sur deux assiettes diff\u00e9rentes, et les cobayes \u2013 cinq personnes de 29 \u00e0 65 ans \u2013ont donn\u00e9 leur avis sur plusieurs points. Sur ce premier test, Herm\u00e9 remporte le prix de l\u2019aspect visuel : plus brillant, plus rond, d\u2019aspect plus gourmand, le parisien remporte le prix de l\u2019esth\u00e9tique. Mais d\u00e8s qu\u2019on passe \u00e0 la d\u00e9gustation, il faut avouer le no-match : l\u2019int\u00e9gralit\u00e9 des convives pr\u00e9f\u00e8re tr\u00e8s largement le macaron de chez S\u00e8ve ! \u00ab Go\u00fbt plus subtil \u00bb ; \u00ab longueur en bouche \u00bb ; \u00ab puissance gustative \u00bb \u2026 les superlatifs n\u2019arr\u00eatent pas. Un convive osera m\u00eame reprocher au macaron Herm\u00e9 \u00ab un petit go\u00fbt de caramel trop cuit \u00bb.<\/p>\n<p style=\"text-align: center;\"><strong>S\u00e8ve 1 \u2013 0 Herm\u00e9<\/strong><\/p>\n<h1>Le test du macaron chocolat<\/h1>\n<p style=\"text-align: justify;\"><a href=\"https:\/\/www.olivierdoucet.info\/blog\/wp-content\/uploads\/2015\/06\/06062015-_MGL9627.jpg\"><img loading=\"lazy\" decoding=\"async\" class=\"alignright size-medium wp-image-182\" src=\"https:\/\/www.olivierdoucet.info\/blog\/wp-content\/uploads\/2015\/06\/06062015-_MGL9627-300x300.jpg\" alt=\"J'aime le chocolat !\" width=\"300\" height=\"300\" srcset=\"https:\/\/www.olivierdoucet.info\/blog\/wp-content\/uploads\/2015\/06\/06062015-_MGL9627-300x300.jpg 300w, https:\/\/www.olivierdoucet.info\/blog\/wp-content\/uploads\/2015\/06\/06062015-_MGL9627-150x150.jpg 150w, https:\/\/www.olivierdoucet.info\/blog\/wp-content\/uploads\/2015\/06\/06062015-_MGL9627-1024x1024.jpg 1024w, https:\/\/www.olivierdoucet.info\/blog\/wp-content\/uploads\/2015\/06\/06062015-_MGL9627.jpg 2033w\" sizes=\"auto, (max-width: 300px) 100vw, 300px\" \/><\/a>A l\u2019aspect, c\u2019est un quasi match nul avec une infime pr\u00e9f\u00e9rence sur le macaron Herm\u00e9 gr\u00e2ce \u00e0 ses petites t\u00e2ches de cacao. A la d\u00e9coupe par contre, la ma\u00eetresse de maison a trouv\u00e9 la ganache du macaron Herm\u00e9 \u00ab plus sec \u00bb.<br \/>\nA la d\u00e9gustation, c\u2019est plus contrast\u00e9 que sur le premier macaron. Les convives sont d\u2019accord pour dire que le macaron Herm\u00e9 est plus proche d\u2019un chocolat noir tr\u00e8s marqu\u00e9, alors que le macaron S\u00e8ve a davantage de go\u00fbt et d\u2019ar\u00f4mes. Sur ce match, un 6e cobaye enfant \u2013 six ans \u2013 donne sa voix au macaron S\u00e8ve. Pour les adultes, c\u2019est deux voix S\u00e8ve\u00a0haut la main, 2 voix S\u00e8ve\u00a0tr\u00e8s h\u00e9sitantes, et deux voix nulles. Adjugeons donc le point au lyonnais.<\/p>\n<p style=\"text-align: center;\"><strong>S\u00e8ve 2 \u2013 0 Herm\u00e9<\/strong><\/p>\n<p>&nbsp;<\/p>\n<p>Le test devrait normalement s\u2019arr\u00eater l\u00e0, mais avec deux pauvres macarons on reste sur sa faim. Nous avons donc test\u00e9 des parfums similaires.<\/p>\n<p>&nbsp;<\/p>\n<h1>Le match Rose (Herm\u00e9) vs Rose Litchi (S\u00e8ve)<\/h1>\n<p style=\"text-align: justify;\"><a href=\"https:\/\/www.olivierdoucet.info\/blog\/wp-content\/uploads\/2015\/06\/06062015-_MGL9632.jpg\"><img loading=\"lazy\" decoding=\"async\" class=\"alignright size-medium wp-image-186\" src=\"https:\/\/www.olivierdoucet.info\/blog\/wp-content\/uploads\/2015\/06\/06062015-_MGL9632-213x300.jpg\" alt=\"Macarons \u00e0 la rose\" width=\"213\" height=\"300\" srcset=\"https:\/\/www.olivierdoucet.info\/blog\/wp-content\/uploads\/2015\/06\/06062015-_MGL9632-213x300.jpg 213w, https:\/\/www.olivierdoucet.info\/blog\/wp-content\/uploads\/2015\/06\/06062015-_MGL9632-728x1024.jpg 728w, https:\/\/www.olivierdoucet.info\/blog\/wp-content\/uploads\/2015\/06\/06062015-_MGL9632.jpg 1455w\" sizes=\"auto, (max-width: 213px) 100vw, 213px\" \/><\/a>Ici encore, le macaron Herm\u00e9 remporte la palme de l\u2019apparence avec un superbe rose et un macaron bien rond. Celui de S\u00e8ve est plus p\u00e2le et plus \u00e9cras\u00e9. Mais \u00e0 la d\u00e9gustation, comme pour le caramel, les voix se retournent : le macaron de S\u00e8ve est \u00ab plus long en bouche \u00bb, avec \u00ab un vrai plus sur ce go\u00fbt Litchi qui am\u00e8ne vraiment quelque chose \u00bb. La d\u00e9gustation du macaron S\u00e8ve est plus mod\u00e9r\u00e9e. Un convive s\u00e9parera son macaron et affirmera \u00ab la cr\u00e8me au centre ressemble \u00e0 une chantilly et a tr\u00e8s peu de go\u00fbt \u00bb.<\/p>\n<p style=\"text-align: center;\"><strong>S\u00e8ve 3 \u2013 0 Herm\u00e9<\/strong><\/p>\n<h1>Le match Vanille\/Violette\/Cassis (Herm\u00e9) vs macaron Vanille et macaron Violette\/cassis (S\u00e8ve)<\/h1>\n<p style=\"text-align: justify;\"><a href=\"https:\/\/www.olivierdoucet.info\/blog\/wp-content\/uploads\/2015\/06\/06062015-_MGL9637.jpg\"><img loading=\"lazy\" decoding=\"async\" class=\"alignright size-medium wp-image-188\" src=\"https:\/\/www.olivierdoucet.info\/blog\/wp-content\/uploads\/2015\/06\/06062015-_MGL9637-241x300.jpg\" alt=\"\" width=\"241\" height=\"300\" srcset=\"https:\/\/www.olivierdoucet.info\/blog\/wp-content\/uploads\/2015\/06\/06062015-_MGL9637-241x300.jpg 241w, https:\/\/www.olivierdoucet.info\/blog\/wp-content\/uploads\/2015\/06\/06062015-_MGL9637-824x1024.jpg 824w, https:\/\/www.olivierdoucet.info\/blog\/wp-content\/uploads\/2015\/06\/06062015-_MGL9637.jpg 1647w\" sizes=\"auto, (max-width: 241px) 100vw, 241px\" \/><\/a>Et oui curieux, on retrouve les trois m\u00eames parfums chez les deux p\u00e2tissiers. Herm\u00e9 a choisi de les associer dans un macaron unique, l\u00e0 o\u00f9 S\u00e8ve a choisi deux macarons diff\u00e9rents. D\u00e9gustons donc tout cela ensemble.<br \/>\n\u00ab Le macaron trois parfums est vraiment bon avec un subtil mariage des saveurs \u00bb. Toutefois, \u00e0 l\u2019unanimit\u00e9, le parfum vanille est bien plus fort chez S\u00e8ve.<br \/>\nPour la violette cassis, plusieurs personnes sont d\u2019accord pour dire que chez S\u00e8ve on est sur un go\u00fbt de fruit, alors que chez Herm\u00e9 on est davantage sur un go\u00fbt de p\u00e2tisserie.<br \/>\nUn match nul est d\u00e9clar\u00e9 sur cette d\u00e9gustation, chaque macaron \u00e9tant jug\u00e9 diff\u00e9rent mais avec chacun son petit plaisir.<\/p>\n<h1>Le match Passion\/Rhubarbe\/Fraise (Herm\u00e9) vs Chocolat au lait \/ passion (S\u00e8ve)<\/h1>\n<p style=\"text-align: justify;\"><a href=\"https:\/\/www.olivierdoucet.info\/blog\/wp-content\/uploads\/2015\/06\/06062015-_MGL9635.jpg\"><img loading=\"lazy\" decoding=\"async\" class=\"alignright wp-image-187 size-thumbnail\" src=\"https:\/\/www.olivierdoucet.info\/blog\/wp-content\/uploads\/2015\/06\/06062015-_MGL9635-150x150.jpg\" alt=\"\" width=\"150\" height=\"150\" \/><\/a>Le macaron Herm\u00e9 a \u00ab davantage de go\u00fbt car plus acidul\u00e9 \u00bb. Pour les pr\u00e9f\u00e9rences, les voix sont r\u00e9parties : 2 personnes pr\u00e9f\u00e8rent Herm\u00e9, une personne S\u00e8ve, et les autres s\u2019abstiennent. Accordons le point au parisien.<\/p>\n<p style=\"text-align: center;\"><strong>S\u00e8ve 3 \u2013 1 Herm\u00e9<\/strong><\/p>\n<p>&nbsp;<\/p>\n<p>Apr\u00e8s ce ventre bien rempli par cette d\u00e9gustation de haut vol (tous les macarons ont \u00e9t\u00e9 jug\u00e9s \u00ab bons \u00bb voir \u00ab tr\u00e8s bons \u00bb), il nous faut malheureusement \u00e9voquer le point du porte-monnaie.<br \/>\nChez S\u00e8ve, la boite de douze macarons est vendue 15 euros, contre 28 euros chez Herm\u00e9 !<\/p>\n<h1>Conclusion<\/h1>\n<p>Le score reste sans appel en faveur du lyonnais ! La d\u00e9gustation fut appr\u00e9ci\u00e9e par tous les participants, petits et grands. Mais aucun chauvinisme dans ce verdict final : si Herm\u00e9 gagne le terrain de l&rsquo;apparence, S\u00e8ve gagne sans contestation possible celui du go\u00fbt !<\/p>\n<p>&nbsp;<\/p>\n<p style=\"text-align: center;\"><strong>Score final : S\u00e8ve 4 \u2013 1 Herm\u00e9<\/strong><\/p>\n<p><em>Afin d\u2019effectuer le test dans des conditions identiques, les boites de macarons de chaque p\u00e2tissier ont \u00e9t\u00e9 achet\u00e9es le m\u00eame jour, soit la veille de la d\u00e9gustation.<\/em><\/p>\n<p><a href=\"https:\/\/www.olivierdoucet.info\/blog\/wp-content\/uploads\/2015\/06\/06062015-_MGL9628.jpg\"><img loading=\"lazy\" decoding=\"async\" class=\"alignnone size-medium wp-image-183\" src=\"https:\/\/www.olivierdoucet.info\/blog\/wp-content\/uploads\/2015\/06\/06062015-_MGL9628-197x300.jpg\" alt=\"\" width=\"197\" height=\"300\" srcset=\"https:\/\/www.olivierdoucet.info\/blog\/wp-content\/uploads\/2015\/06\/06062015-_MGL9628-197x300.jpg 197w, https:\/\/www.olivierdoucet.info\/blog\/wp-content\/uploads\/2015\/06\/06062015-_MGL9628-671x1024.jpg 671w, https:\/\/www.olivierdoucet.info\/blog\/wp-content\/uploads\/2015\/06\/06062015-_MGL9628.jpg 1342w\" sizes=\"auto, (max-width: 197px) 100vw, 197px\" \/><\/a>\u00a0<a href=\"https:\/\/www.olivierdoucet.info\/blog\/wp-content\/uploads\/2015\/06\/06062015-_MGL9637.jpg\"><img loading=\"lazy\" decoding=\"async\" class=\"alignnone size-medium wp-image-188\" src=\"https:\/\/www.olivierdoucet.info\/blog\/wp-content\/uploads\/2015\/06\/06062015-_MGL9637-241x300.jpg\" alt=\"\" width=\"241\" height=\"300\" srcset=\"https:\/\/www.olivierdoucet.info\/blog\/wp-content\/uploads\/2015\/06\/06062015-_MGL9637-241x300.jpg 241w, https:\/\/www.olivierdoucet.info\/blog\/wp-content\/uploads\/2015\/06\/06062015-_MGL9637-824x1024.jpg 824w, https:\/\/www.olivierdoucet.info\/blog\/wp-content\/uploads\/2015\/06\/06062015-_MGL9637.jpg 1647w\" sizes=\"auto, (max-width: 241px) 100vw, 241px\" \/><\/a><\/p>\n","protected":false},"excerpt":{"rendered":"<p>Le macaron est une des p\u00e2tisseries les plus raffin\u00e9es qui existe, et quelques artisans en ont fait leur sp\u00e9cialit\u00e9. Qui ne connait pas Ladur\u00e9e ou Herm\u00e9 sur Paris ? Pourtant, il ne faut pas se limiter \u00e0 Paris quand on parle des petits plaisirs du palais. N\u2019oublions pas que la vraie Capitale de la gastronomie &hellip; <a href=\"https:\/\/www.olivierdoucet.info\/blog\/2015\/06\/08\/le-combat-des-macarons-herme-contre-seve-degustation-a-laveugle\/\" class=\"more-link\">Continuer la lecture de <span class=\"screen-reader-text\">Le combat des macarons. Herm\u00e9 contre S\u00e8ve &#8211; D\u00e9gustation \u00e0 l&rsquo;aveugle<\/span> <span class=\"meta-nav\">&rarr;<\/span><\/a><\/p>\n","protected":false},"author":1,"featured_media":181,"comment_status":"open","ping_status":"open","sticky":false,"template":"","format":"standard","meta":{"footnotes":""},"categories":[1],"tags":[63,64],"class_list":["post-191","post","type-post","status-publish","format-standard","has-post-thumbnail","hentry","category-uncategorized","tag-cuisine","tag-macaron"],"yoast_head":"<!-- This site is optimized with the Yoast SEO plugin v24.7 - https:\/\/yoast.com\/wordpress\/plugins\/seo\/ -->\n<title>Le combat des macarons. Herm\u00e9 contre S\u00e8ve - D\u00e9gustation \u00e0 l&#039;aveugle - My thoughts<\/title>\n<meta name=\"robots\" content=\"index, follow, max-snippet:-1, max-image-preview:large, max-video-preview:-1\" \/>\n<link rel=\"canonical\" href=\"https:\/\/www.olivierdoucet.info\/blog\/2015\/06\/08\/le-combat-des-macarons-herme-contre-seve-degustation-a-laveugle\/\" \/>\n<meta property=\"og:locale\" content=\"fr_FR\" \/>\n<meta property=\"og:type\" content=\"article\" \/>\n<meta property=\"og:title\" content=\"Le combat des macarons. Herm\u00e9 contre S\u00e8ve - D\u00e9gustation \u00e0 l&#039;aveugle - My thoughts\" \/>\n<meta property=\"og:description\" content=\"Le macaron est une des p\u00e2tisseries les plus raffin\u00e9es qui existe, et quelques artisans en ont fait leur sp\u00e9cialit\u00e9. Qui ne connait pas Ladur\u00e9e ou Herm\u00e9 sur Paris ? Pourtant, il ne faut pas se limiter \u00e0 Paris quand on parle des petits plaisirs du palais. N\u2019oublions pas que la vraie Capitale de la gastronomie &hellip; Continuer la lecture de Le combat des macarons. Herm\u00e9 contre S\u00e8ve &#8211; D\u00e9gustation \u00e0 l&rsquo;aveugle &rarr;\" \/>\n<meta property=\"og:url\" content=\"https:\/\/www.olivierdoucet.info\/blog\/2015\/06\/08\/le-combat-des-macarons-herme-contre-seve-degustation-a-laveugle\/\" \/>\n<meta property=\"og:site_name\" content=\"My thoughts\" \/>\n<meta property=\"article:published_time\" content=\"2015-06-08T12:32:02+00:00\" \/>\n<meta property=\"article:modified_time\" content=\"2015-06-08T19:51:16+00:00\" \/>\n<meta property=\"og:image\" content=\"https:\/\/www.olivierdoucet.info\/blog\/wp-content\/uploads\/2015\/06\/06062015-_MGL9624.jpg\" \/>\n\t<meta property=\"og:image:width\" content=\"2048\" \/>\n\t<meta property=\"og:image:height\" content=\"1816\" \/>\n\t<meta property=\"og:image:type\" content=\"image\/jpeg\" \/>\n<meta name=\"author\" content=\"Olivier\" \/>\n<meta name=\"twitter:card\" content=\"summary_large_image\" \/>\n<meta name=\"twitter:creator\" content=\"@odoucet\" \/>\n<meta name=\"twitter:site\" content=\"@odoucet\" \/>\n<meta name=\"twitter:label1\" content=\"\u00c9crit par\" \/>\n\t<meta name=\"twitter:data1\" content=\"Olivier\" \/>\n\t<meta name=\"twitter:label2\" content=\"Dur\u00e9e de lecture estim\u00e9e\" \/>\n\t<meta name=\"twitter:data2\" content=\"5 minutes\" \/>\n<script type=\"application\/ld+json\" class=\"yoast-schema-graph\">{\"@context\":\"https:\/\/schema.org\",\"@graph\":[{\"@type\":\"WebPage\",\"@id\":\"https:\/\/www.olivierdoucet.info\/blog\/2015\/06\/08\/le-combat-des-macarons-herme-contre-seve-degustation-a-laveugle\/\",\"url\":\"https:\/\/www.olivierdoucet.info\/blog\/2015\/06\/08\/le-combat-des-macarons-herme-contre-seve-degustation-a-laveugle\/\",\"name\":\"Le combat des macarons. Herm\u00e9 contre S\u00e8ve - D\u00e9gustation \u00e0 l'aveugle - My thoughts\",\"isPartOf\":{\"@id\":\"https:\/\/www.olivierdoucet.info\/blog\/#website\"},\"primaryImageOfPage\":{\"@id\":\"https:\/\/www.olivierdoucet.info\/blog\/2015\/06\/08\/le-combat-des-macarons-herme-contre-seve-degustation-a-laveugle\/#primaryimage\"},\"image\":{\"@id\":\"https:\/\/www.olivierdoucet.info\/blog\/2015\/06\/08\/le-combat-des-macarons-herme-contre-seve-degustation-a-laveugle\/#primaryimage\"},\"thumbnailUrl\":\"https:\/\/www.olivierdoucet.info\/blog\/wp-content\/uploads\/2015\/06\/06062015-_MGL9624.jpg\",\"datePublished\":\"2015-06-08T12:32:02+00:00\",\"dateModified\":\"2015-06-08T19:51:16+00:00\",\"author\":{\"@id\":\"https:\/\/www.olivierdoucet.info\/blog\/#\/schema\/person\/d093cada9eddc4839cbae3de5c823a39\"},\"breadcrumb\":{\"@id\":\"https:\/\/www.olivierdoucet.info\/blog\/2015\/06\/08\/le-combat-des-macarons-herme-contre-seve-degustation-a-laveugle\/#breadcrumb\"},\"inLanguage\":\"fr-FR\",\"potentialAction\":[{\"@type\":\"ReadAction\",\"target\":[\"https:\/\/www.olivierdoucet.info\/blog\/2015\/06\/08\/le-combat-des-macarons-herme-contre-seve-degustation-a-laveugle\/\"]}]},{\"@type\":\"ImageObject\",\"inLanguage\":\"fr-FR\",\"@id\":\"https:\/\/www.olivierdoucet.info\/blog\/2015\/06\/08\/le-combat-des-macarons-herme-contre-seve-degustation-a-laveugle\/#primaryimage\",\"url\":\"https:\/\/www.olivierdoucet.info\/blog\/wp-content\/uploads\/2015\/06\/06062015-_MGL9624.jpg\",\"contentUrl\":\"https:\/\/www.olivierdoucet.info\/blog\/wp-content\/uploads\/2015\/06\/06062015-_MGL9624.jpg\",\"width\":2048,\"height\":1816},{\"@type\":\"BreadcrumbList\",\"@id\":\"https:\/\/www.olivierdoucet.info\/blog\/2015\/06\/08\/le-combat-des-macarons-herme-contre-seve-degustation-a-laveugle\/#breadcrumb\",\"itemListElement\":[{\"@type\":\"ListItem\",\"position\":1,\"name\":\"Home\",\"item\":\"https:\/\/www.olivierdoucet.info\/blog\/\"},{\"@type\":\"ListItem\",\"position\":2,\"name\":\"Le combat des macarons. Herm\u00e9 contre S\u00e8ve &#8211; D\u00e9gustation \u00e0 l&rsquo;aveugle\"}]},{\"@type\":\"WebSite\",\"@id\":\"https:\/\/www.olivierdoucet.info\/blog\/#website\",\"url\":\"https:\/\/www.olivierdoucet.info\/blog\/\",\"name\":\"My thoughts\",\"description\":\"En fran\u00e7ais and in english :)\",\"potentialAction\":[{\"@type\":\"SearchAction\",\"target\":{\"@type\":\"EntryPoint\",\"urlTemplate\":\"https:\/\/www.olivierdoucet.info\/blog\/?s={search_term_string}\"},\"query-input\":{\"@type\":\"PropertyValueSpecification\",\"valueRequired\":true,\"valueName\":\"search_term_string\"}}],\"inLanguage\":\"fr-FR\"},{\"@type\":\"Person\",\"@id\":\"https:\/\/www.olivierdoucet.info\/blog\/#\/schema\/person\/d093cada9eddc4839cbae3de5c823a39\",\"name\":\"Olivier\",\"image\":{\"@type\":\"ImageObject\",\"inLanguage\":\"fr-FR\",\"@id\":\"https:\/\/www.olivierdoucet.info\/blog\/#\/schema\/person\/image\/\",\"url\":\"https:\/\/secure.gravatar.com\/avatar\/e75f77ace92ccb2dfab09f226ce3d329?s=96&d=mm&r=g\",\"contentUrl\":\"https:\/\/secure.gravatar.com\/avatar\/e75f77ace92ccb2dfab09f226ce3d329?s=96&d=mm&r=g\",\"caption\":\"Olivier\"}}]}<\/script>\n<!-- \/ Yoast SEO plugin. -->","yoast_head_json":{"title":"Le combat des macarons. Herm\u00e9 contre S\u00e8ve - D\u00e9gustation \u00e0 l'aveugle - My thoughts","robots":{"index":"index","follow":"follow","max-snippet":"max-snippet:-1","max-image-preview":"max-image-preview:large","max-video-preview":"max-video-preview:-1"},"canonical":"https:\/\/www.olivierdoucet.info\/blog\/2015\/06\/08\/le-combat-des-macarons-herme-contre-seve-degustation-a-laveugle\/","og_locale":"fr_FR","og_type":"article","og_title":"Le combat des macarons. Herm\u00e9 contre S\u00e8ve - D\u00e9gustation \u00e0 l'aveugle - My thoughts","og_description":"Le macaron est une des p\u00e2tisseries les plus raffin\u00e9es qui existe, et quelques artisans en ont fait leur sp\u00e9cialit\u00e9. Qui ne connait pas Ladur\u00e9e ou Herm\u00e9 sur Paris ? Pourtant, il ne faut pas se limiter \u00e0 Paris quand on parle des petits plaisirs du palais. N\u2019oublions pas que la vraie Capitale de la gastronomie &hellip; Continuer la lecture de Le combat des macarons. Herm\u00e9 contre S\u00e8ve &#8211; D\u00e9gustation \u00e0 l&rsquo;aveugle &rarr;","og_url":"https:\/\/www.olivierdoucet.info\/blog\/2015\/06\/08\/le-combat-des-macarons-herme-contre-seve-degustation-a-laveugle\/","og_site_name":"My thoughts","article_published_time":"2015-06-08T12:32:02+00:00","article_modified_time":"2015-06-08T19:51:16+00:00","og_image":[{"width":2048,"height":1816,"url":"https:\/\/www.olivierdoucet.info\/blog\/wp-content\/uploads\/2015\/06\/06062015-_MGL9624.jpg","type":"image\/jpeg"}],"author":"Olivier","twitter_card":"summary_large_image","twitter_creator":"@odoucet","twitter_site":"@odoucet","twitter_misc":{"\u00c9crit par":"Olivier","Dur\u00e9e de lecture estim\u00e9e":"5 minutes"},"schema":{"@context":"https:\/\/schema.org","@graph":[{"@type":"WebPage","@id":"https:\/\/www.olivierdoucet.info\/blog\/2015\/06\/08\/le-combat-des-macarons-herme-contre-seve-degustation-a-laveugle\/","url":"https:\/\/www.olivierdoucet.info\/blog\/2015\/06\/08\/le-combat-des-macarons-herme-contre-seve-degustation-a-laveugle\/","name":"Le combat des macarons. Herm\u00e9 contre S\u00e8ve - D\u00e9gustation \u00e0 l'aveugle - My thoughts","isPartOf":{"@id":"https:\/\/www.olivierdoucet.info\/blog\/#website"},"primaryImageOfPage":{"@id":"https:\/\/www.olivierdoucet.info\/blog\/2015\/06\/08\/le-combat-des-macarons-herme-contre-seve-degustation-a-laveugle\/#primaryimage"},"image":{"@id":"https:\/\/www.olivierdoucet.info\/blog\/2015\/06\/08\/le-combat-des-macarons-herme-contre-seve-degustation-a-laveugle\/#primaryimage"},"thumbnailUrl":"https:\/\/www.olivierdoucet.info\/blog\/wp-content\/uploads\/2015\/06\/06062015-_MGL9624.jpg","datePublished":"2015-06-08T12:32:02+00:00","dateModified":"2015-06-08T19:51:16+00:00","author":{"@id":"https:\/\/www.olivierdoucet.info\/blog\/#\/schema\/person\/d093cada9eddc4839cbae3de5c823a39"},"breadcrumb":{"@id":"https:\/\/www.olivierdoucet.info\/blog\/2015\/06\/08\/le-combat-des-macarons-herme-contre-seve-degustation-a-laveugle\/#breadcrumb"},"inLanguage":"fr-FR","potentialAction":[{"@type":"ReadAction","target":["https:\/\/www.olivierdoucet.info\/blog\/2015\/06\/08\/le-combat-des-macarons-herme-contre-seve-degustation-a-laveugle\/"]}]},{"@type":"ImageObject","inLanguage":"fr-FR","@id":"https:\/\/www.olivierdoucet.info\/blog\/2015\/06\/08\/le-combat-des-macarons-herme-contre-seve-degustation-a-laveugle\/#primaryimage","url":"https:\/\/www.olivierdoucet.info\/blog\/wp-content\/uploads\/2015\/06\/06062015-_MGL9624.jpg","contentUrl":"https:\/\/www.olivierdoucet.info\/blog\/wp-content\/uploads\/2015\/06\/06062015-_MGL9624.jpg","width":2048,"height":1816},{"@type":"BreadcrumbList","@id":"https:\/\/www.olivierdoucet.info\/blog\/2015\/06\/08\/le-combat-des-macarons-herme-contre-seve-degustation-a-laveugle\/#breadcrumb","itemListElement":[{"@type":"ListItem","position":1,"name":"Home","item":"https:\/\/www.olivierdoucet.info\/blog\/"},{"@type":"ListItem","position":2,"name":"Le combat des macarons. Herm\u00e9 contre S\u00e8ve &#8211; D\u00e9gustation \u00e0 l&rsquo;aveugle"}]},{"@type":"WebSite","@id":"https:\/\/www.olivierdoucet.info\/blog\/#website","url":"https:\/\/www.olivierdoucet.info\/blog\/","name":"My thoughts","description":"En fran\u00e7ais and in english :)","potentialAction":[{"@type":"SearchAction","target":{"@type":"EntryPoint","urlTemplate":"https:\/\/www.olivierdoucet.info\/blog\/?s={search_term_string}"},"query-input":{"@type":"PropertyValueSpecification","valueRequired":true,"valueName":"search_term_string"}}],"inLanguage":"fr-FR"},{"@type":"Person","@id":"https:\/\/www.olivierdoucet.info\/blog\/#\/schema\/person\/d093cada9eddc4839cbae3de5c823a39","name":"Olivier","image":{"@type":"ImageObject","inLanguage":"fr-FR","@id":"https:\/\/www.olivierdoucet.info\/blog\/#\/schema\/person\/image\/","url":"https:\/\/secure.gravatar.com\/avatar\/e75f77ace92ccb2dfab09f226ce3d329?s=96&d=mm&r=g","contentUrl":"https:\/\/secure.gravatar.com\/avatar\/e75f77ace92ccb2dfab09f226ce3d329?s=96&d=mm&r=g","caption":"Olivier"}}]}},"_links":{"self":[{"href":"https:\/\/www.olivierdoucet.info\/blog\/wp-json\/wp\/v2\/posts\/191","targetHints":{"allow":["GET"]}}],"collection":[{"href":"https:\/\/www.olivierdoucet.info\/blog\/wp-json\/wp\/v2\/posts"}],"about":[{"href":"https:\/\/www.olivierdoucet.info\/blog\/wp-json\/wp\/v2\/types\/post"}],"author":[{"embeddable":true,"href":"https:\/\/www.olivierdoucet.info\/blog\/wp-json\/wp\/v2\/users\/1"}],"replies":[{"embeddable":true,"href":"https:\/\/www.olivierdoucet.info\/blog\/wp-json\/wp\/v2\/comments?post=191"}],"version-history":[{"count":4,"href":"https:\/\/www.olivierdoucet.info\/blog\/wp-json\/wp\/v2\/posts\/191\/revisions"}],"predecessor-version":[{"id":195,"href":"https:\/\/www.olivierdoucet.info\/blog\/wp-json\/wp\/v2\/posts\/191\/revisions\/195"}],"wp:featuredmedia":[{"embeddable":true,"href":"https:\/\/www.olivierdoucet.info\/blog\/wp-json\/wp\/v2\/media\/181"}],"wp:attachment":[{"href":"https:\/\/www.olivierdoucet.info\/blog\/wp-json\/wp\/v2\/media?parent=191"}],"wp:term":[{"taxonomy":"category","embeddable":true,"href":"https:\/\/www.olivierdoucet.info\/blog\/wp-json\/wp\/v2\/categories?post=191"},{"taxonomy":"post_tag","embeddable":true,"href":"https:\/\/www.olivierdoucet.info\/blog\/wp-json\/wp\/v2\/tags?post=191"}],"curies":[{"name":"wp","href":"https:\/\/api.w.org\/{rel}","templated":true}]}}